{"id":2505,"date":"2017-12-17T19:56:23","date_gmt":"2017-12-17T19:56:23","guid":{"rendered":"https:\/\/floridareview.cah.ucf.edu\/?post_type=article&amp;p=2505"},"modified":"2017-12-17T19:56:23","modified_gmt":"2017-12-17T19:56:23","slug":"interview-ana-castillo","status":"publish","type":"article","link":"https:\/\/cah.ucf.edu\/floridareview\/article\/interview-ana-castillo\/","title":{"rendered":"Interview: Ana Castillo"},"content":{"rendered":"<p><img loading=\"lazy\" decoding=\"async\" class=\"alignnone size-medium wp-image-2457\" src=\"https:\/\/cah.ucf.edu\/floridareview\/wp-content\/uploads\/sites\/34\/2017\/12\/Castillo-Ana-Black-Dove-cover-204x300.jpg\" alt=\"\" width=\"204\" height=\"300\" srcset=\"https:\/\/cah.ucf.edu\/floridareview\/wp-content\/uploads\/sites\/43\/2017\/12\/Castillo-Ana-Black-Dove-cover-204x300.jpg 204w, https:\/\/cah.ucf.edu\/floridareview\/wp-content\/uploads\/sites\/43\/2017\/12\/Castillo-Ana-Black-Dove-cover.jpg 441w\" sizes=\"auto, (max-width: 204px) 100vw, 204px\" \/>\u00a0 \u00a0\u00a0<img loading=\"lazy\" decoding=\"async\" class=\"alignnone size-full wp-image-2506\" src=\"https:\/\/cah.ucf.edu\/floridareview\/wp-content\/uploads\/sites\/34\/2017\/12\/Castillo-Ana-Give-It-to-Me-cover.jpeg\" alt=\"\" width=\"186\" height=\"271\" \/>\u00a0 \u00a0\u00a0<img loading=\"lazy\" decoding=\"async\" class=\"alignnone size-full wp-image-2507\" src=\"https:\/\/cah.ucf.edu\/floridareview\/wp-content\/uploads\/sites\/34\/2017\/12\/Castillo-Ana-Sapogonia-cover.jpeg\" alt=\"\" width=\"180\" height=\"276\" \/><br \/>\n<img loading=\"lazy\" decoding=\"async\" class=\"alignnone size-full wp-image-2509\" src=\"https:\/\/cah.ucf.edu\/floridareview\/wp-content\/uploads\/sites\/34\/2017\/12\/Castillo-Ana-Mixquiahuala-Letters-cover.jpg\" alt=\"\" width=\"141\" height=\"218\" \/>\u00a0 \u00a0\u00a0<img loading=\"lazy\" decoding=\"async\" class=\"alignnone size-full wp-image-2510\" src=\"https:\/\/cah.ucf.edu\/floridareview\/wp-content\/uploads\/sites\/34\/2017\/12\/Castillo-Ana-Peel-Me-Like-an-Onion-cover.jpg\" alt=\"\" width=\"164\" height=\"250\" \/>\u00a0 \u00a0\u00a0<img loading=\"lazy\" decoding=\"async\" class=\"alignnone size-full wp-image-2511\" src=\"https:\/\/cah.ucf.edu\/floridareview\/wp-content\/uploads\/sites\/34\/2017\/12\/Castillo-Ana-Massacre-of-the-Dreamers-cover.jpg\" alt=\"\" width=\"145\" height=\"217\" \/><\/p>\n<p>&nbsp;<\/p>\n<p>Ana Castillo is a much-celebrated voice in Chicana literature and feminism, or, as she puts it, \u201cxicanisma,\u201d a term she coined to describe a non-binary approach to the issues of gender, class, and race. Her publications include eight novels, one collection of short stories, five collections of poetry, a two-play volume, and a children\u2019s book, and, as well as two books of nonfiction, the latest of which, <em>Black Dove: Mam\u00e1, Mi\u2019jo, and Me<\/em> (Feminist Press, 2016), was recently out when this interview was conducted in November of 2016. She has also edited three collections of Latina\/o literature and translated a Spanish-language adaptation of Cherrie Moraga\u2019s <em>The Bridge Called My Back: Writings by Radical Women of Color<\/em>, one of the touchstones of efforts to challenge the lack of women of color in the feminist movement. Her novel <em>Sapogonia<\/em> was named a <em>New York Times<\/em> Notable Book, and she has received numerous awards, including National Endowment for the Arts fellowships, a Before Columbus Foundation American Book Award, a Carl Sandburg Award, a Sor Juana Achievement Award, and the American Studies Association\u2019s Gloria Anzald\u00faa Prize. She holds a B.A. in art from Northwestern Illinois University, an M.A. from the University of Chicago, and a Ph.D. from the University of Bremen, Germany, and was appointed the first Sor Juana In\u00e9s de la Cruz Endowed Chair at DePaul University, as well has having taught at numerous other colleges and universities.<\/p>\n<p>&nbsp;<\/p>\n<p>An excerpt from\u00a0<em>Black Dove<\/em> appears in <a href=\"https:\/\/cah.ucf.edu\/floridareview\/issue\/41-2-fall-2017\/\">41.2 of the print\u00a0<em>Florida Review<\/em><\/a>, and <a href=\"https:\/\/cah.ucf.edu\/floridareview\/article\/awomansjourney\/\">the book is reviewed here in\u00a0<em>Aquifer<\/em><\/a>.<\/p>\n<p>&nbsp;<\/p>\n<p><strong>Lisa Roney for <em>The Florida Review<\/em>:<\/strong><\/p>\n<p>I\u2019ve admired your work for a long time, and the first thing I wanted to say was what a gripping read <em>Black Dove<\/em> is. Tell me about this book and about how it evolved for you.<\/p>\n<p>&nbsp;<\/p>\n<p><strong>Ana Castillo:<\/strong><\/p>\n<p>It\u2019s a compilation of personal essays and memoir, and I distinguish the two things\u2014the essays were written for a more general audience and with a theme in mind, and the memoir comes from a very much more personal place. The earliest one, which is also the leading one, is called \u201cMy Mother\u2019s M\u00e9xico,\u201d and I wrote and published it in the early nineties\u2014\u201994, I think it first came out. I always thought that I would do a collection of essays eventually called \u201cMy Mother&#8217;s M\u00e9xico,\u201d and it would be along the lines of being a daughter and having been my mother&#8217;s daughter and so forth, but as time went on my role in life became more as mother than as daughter. My mother passed on over twenty years ago, and I raised my son almost all his life as a single mother.<\/p>\n<p>&nbsp;<\/p>\n<p>That&#8217;s a really important part of this book\u2014being a single mother, being a brown woman in this country with a brown young man that was growing up. Whether or not a single mother can successfully raise a man is always in question. I think I did a good job as long as he was on my watch. He did well in school, he went straight through university, got his degree, he became a dad and was supporting his family during the recession, but then became very depressed and began to spiral. I didn&#8217;t really know what was going on\u2014he&#8217;s already an adult at this point, in his mid-twenties, and has his own little family to take care of, so as a mother I&#8217;m a little bit more on the outside\u2014and when he hit bottom he committed a senseless robbery\u2014of an institution, unarmed. It felt like he was ejecting himself from the world of society, and that was really the catalyst eventually for much of what I wrote.<\/p>\n<p>&nbsp;<\/p>\n<p>His voice is also included in the book from some of the letters we exchanged. We decided to share the story. We are in a country that that supports a multibillion-dollar prison industry. We find all kinds of people becoming felons at the time that my son was arrested\u2014in Chicago, two governors of Illinois were in federal prison at the time!\u2014but whereas those guys will come out and have their friends and their connections and they will have work and will have homes and places to go, many of our incarcerated, when they&#8217;re felons, they come out and then they have to face the challenge of not being given jobs that they&#8217;re qualified for. They have children, families to support and to house. They are not rented to, they can&#8217;t get a home, they can\u2019t get loans. So, we are perpetuating a society in which we continue to castigate individuals, but sort of encourage them some in some cases to continue that cycle.<\/p>\n<p>&nbsp;<\/p>\n<p>My story turns out to be a good one. My son came out, he was well, he was ready to take on his life, and he&#8217;s an awesome dad with a growing little girl, but he has had those challenges. It was because we wanted to share that story that that I decided to put this collection together.<\/p>\n<p>&nbsp;<\/p>\n<p><strong><em>TFR<\/em><\/strong><strong>:<\/strong><\/p>\n<p>And there are ways in which that content and theme is supported even from the first word. I found the structure of the of the book quite moving because you set it up as it is a family saga, so right away you acknowledge it goes beyond you individually. There was this sense of family and people and community and the way they all work together.<\/p>\n<p>&nbsp;<\/p>\n<p>I want to ask about to what extent that trauma of having your son incarcerated turned you toward the book-length memoir. You&#8217;ve been writing these pieces for some time about your mother and so on, but do you think that there was a way that this was a point where you felt, <em>I have to speak as myself, not as a fictional character, about this kind of situation<\/em>? Was it related to a different type of activism for you than fiction or poetry?<\/p>\n<p>&nbsp;<\/p>\n<p><strong>Castillo:<\/strong><\/p>\n<p>Yes, indeed. I think that it was. A big, big part of my life is having been a mother. It was something I chose to do. When I chose to become a mother, it was just before the precipice of when we begin to get U.S. Latinas recognized in this country as writers, as part of a generation of writers. So, I had to have a vision of myself being a mother\u2014<em>What does that mean? How does that change my life?<\/em>\u2014but, also, <em>I&#8217;m not going to give up this vision of being a writer and being published in a country that has no history of that<\/em>. Those things have been really important for me\u2014being vocal and being part of this large community of Latinos and people of color in this country. My writing has been my form of activism. But my heart was so broken with my son being broken that ironically initially I couldn&#8217;t even write in my journal. I was that broken-hearted. I knew that the gods had given him and given me a second chance because he at least had not been killed and had not killed himself\u2014and there were many opportunities in the society that I&#8217;m talking about in which that could happen to a young man of color, not only during his senseless criminal act, but he also as a teenager had been involved in graffiti and lost a lot of friends on the streets of Chicago. There&#8217;s \u201cstop and search,\u201d and my son had been beaten up by the police for no reason except getting off at the train station with a couple of guys, and maybe, maybe, if you acted up or responded, that&#8217;s what happened. So, this was building up, but I thought by the time he was a young family man in his late twenties, <em>Well, we\u2019re home free<\/em>, and yet he had become this very angry man, as many males of color have a right to be.<\/p>\n<p>&nbsp;<\/p>\n<p>This is where I was losing my voice, so to speak, as far as writing so that initially I couldn&#8217;t write at all about it. We came together\u2014and we have some of that in this book\u2014my son and I came together, interestingly enough, through our love of books and writing. There&#8217;s an exchange of excerpts of our letters in the book, how I began to reach out to him and bring him back. There was a lot of cognitive dissonance beforehand, no connection. He played cello in high school, but he didn&#8217;t talk about music and he didn&#8217;t know how or want to play music anymore\u2014just gone. So, how do we begin to have conversations and discussions? We did that through books. He would ask for books, and I sent them to him, and I would read them.<\/p>\n<p>&nbsp;<\/p>\n<p>In the process of this we shared Charles Bukowski\u2014he wanted to read Bukowski\u2019s poetry, and I read his prose. It kind of inspired me, and, in the process of this moment, I actually whipped out a novel called <em>Give It to Me<\/em>, which was published by the Feminist Press, and it was so far away from what I was experiencing\u2014this sort of (I hope) funny, really quirky story where she [the main character] was having a lot of sex in the midst of this crazy, old politics. It was just like, <em>Let me escape<\/em>. So, I did that. I got the writing going again, the fiction.<\/p>\n<p>&nbsp;<\/p>\n<p>Eventually, we decided to share our story because we do have a lot of communities across the board\u2014racially, because of gender or religion, or otherwise demographically\u2014that are made ashamed and are being punished by this culture.<\/p>\n<p>&nbsp;<\/p>\n<p><strong><em>TFR:<\/em><\/strong><\/p>\n<p>Even often there is that sense of <em>Well, if you&#8217;re a well-behaved person of color, this isn&#8217;t gonna happen to you<\/em>. I was very glad and moved that you went out on the limb and said, <em>No, I did everything right, and it didn&#8217;t matter. My son was still subject to these forces, and he did everything right\u2014he went to college, he was taking care of his family, and yet there was still this justifiable anger that had to come out somehow.<\/em><\/p>\n<p>&nbsp;<\/p>\n<p><strong>Castillo:<\/strong><\/p>\n<p>And at no time does he or do I excuse his behavior. He went out and he committed a senseless robbery, though he did not threaten anybody. It was the accumulation of anger that he had felt toward the system and what was going on\u2014this was during the fallout with the banks and everything else that was happening. It&#8217;s not to excuse breaking the law.<\/p>\n<p>&nbsp;<\/p>\n<p>By the same token, I talk about the fact that I know that he smoked weed, which I don&#8217;t have a moral objection to or anything, and some of this was self-medicating. Again, I&#8217;m not making excuses, I&#8217;m not saying it&#8217;s okay. I had taken him to Amsterdam when he was in college\u2014I did a reading in Germany, and we went off to Amsterdam\u2014so, it&#8217;s okay if you&#8217;re in Colorado, it\u2019s okay now in California, but if it&#8217;s not okay don&#8217;t get caught with it. Once again, it&#8217;s no excuse if you get caught with it, and that was part of what was going on with him at that time, a resentment over the hypocrisy.<\/p>\n<p>&nbsp;<\/p>\n<p>Nevertheless, [as a society] we&#8217;re not looking at the constant harassment of people of color. In this case, as a mother of a son, I&#8217;m looking at men being harassed and what happens. Again, it&#8217;s not to justify some reaction that&#8217;s illegal, but this is who you&#8217;re forming. I grew up as a brown girl in Chicago, and I had a lot of anger throughout my twenties. I actually went to graduate school at the University of Chicago, so I was a bright, self-motivated woman, but was always getting stopped, even then, by police, with your standard excuse about the taillight to ask you about your papers. It builds up in people.<\/p>\n<p>&nbsp;<\/p>\n<p><strong><em>TFR:<\/em><\/strong><\/p>\n<p>It does, absolutely. I\u2019ll come back to the social commentary aspects, but I wanted to ask about how, even though there is anger and tragedy woven through this book, and also a kind and also a mystical tone that is quite beautiful and poetic, there\u2019s also the sassy in it as well and little moments of humor. Could you comment about the role of humor in the book and how you see that? Was it something that you worked on or was it just something that came out of you naturally as a sort of antidote or complement to the other emotions that this book so strongly brings?<\/p>\n<p>&nbsp;<\/p>\n<p><strong>Castillo:<\/strong><\/p>\n<p>You know, writing funny is very hard. Writing humor is difficult, and when I when I knocked out <em>Give It to Me<\/em>, I really needed some levity my life. It <em>was<\/em> tragic\u2014I was comparing my son in my head to, like, Odysseus, though he\u2019s not a king and not a hero, but the mother ends up in Hell. I often come up with these connections in my head, and so I twist that and find irony\u2014more than funny, I look for irony. That\u2019s important, when you&#8217;re telling a story, whether it\u2019s a quote-unquote true story, nonfiction, or you&#8217;re making up a story, and you\u2019re giving it to the reader, you\u2019ve got to have some moments of levity to give the reader a respite, a little island, an oasis. I\u2019m happy that the book has some of that, not necessarily always together in the same essay but in other places.<\/p>\n<p>&nbsp;<\/p>\n<p>My aunt, my mother&#8217;s sister, was always and remains a very colorful character, and certainly because of her <em>joie de vivre<\/em>, which she was born with, I was able to get a little levity to balance my mother&#8217;s somber personality. In the book, I talk about the influence of my aunt in my life and the things that I saw with her\u2014the flirtation, her love of cooking, her flair for dressing, and so on\u2014and all despite her very humble lifestyle. I think that there&#8217;s part of that in my personality, and this is how I can get through life\u2014by thinking of the irony of certain situations.<\/p>\n<p>&nbsp;<\/p>\n<p>At the same time, as a writer, even as a poet, you have to give your reader a break. If it&#8217;s pretty relentless but it has to be told, you have to have a host a little way-station for people so that they can catch their breath and then go on<\/p>\n<p>&nbsp;<\/p>\n<p><strong><em>TFR:<\/em><\/strong><\/p>\n<p>And maybe for yourself as a writer, too.<\/p>\n<p>&nbsp;<\/p>\n<p><strong>Castillo:<\/strong><\/p>\n<p>Absolutely.<\/p>\n<p>&nbsp;<\/p>\n<p><strong><em>TFR:<\/em><\/strong><\/p>\n<p>Speaking of your T\u00eda Flora\u2019s personality, there is a video of you online, in which you talk about how important Germaine Greer was to you in bringing up for you that challenge of being happy as a woman in our society, and I thought that the portraits of your somber grandmothers and mother contrasted really with the indomitable, lively portrait of Flora. What do you think about the balance of those different influences on you?<\/p>\n<p>&nbsp;<\/p>\n<p><strong>Castillo:<\/strong><\/p>\n<p>Just let me say that my T\u00eda Flora is eighty-six. She&#8217;s outliving everybody. This just made me think about it. Maybe there\u2019s something to that ability to laugh through all kinds of hardships. She had by no means an easy childhood in M\u00e9xico City. She was orphaned, she married young, her husband was killed, she had two children at that time. She came to Chicago, became a seamstress in a little kind of quasi-sweatshop factory in the Mexican neighborhood there, her second husband became an alcoholic, and by then she had five children. All this time, this lovely person has a flair, as I said, for carrying herself like Queen Nefertiti down the street.<\/p>\n<p>&nbsp;<\/p>\n<p>How she influenced me\u2014since I knew her from when I was very small when she came from M\u00e9xico City\u2014was having that contrast in her personality. I like clothes and I like fashion, but it wasn&#8217;t necessarily encouraged anywhere around me. Dance music. Having a nice margarita. I learned about a margarita from my aunt. [Laughs.] Back in her in her kitchen, she used to make them in martini glasses when I was a kid. While she\u2019s cooking for everybody, she\u2019s happy with the radio on.<\/p>\n<p>&nbsp;<\/p>\n<p>I think it&#8217;s really important for all of us, but particularly, I would say, for girls to have that balance and to be able know that they are not just lovable but they can embrace all of who they are. That means it&#8217;s great to have a brain, which I am happy that I celebrate, and I work at that, but it&#8217;s okay to be lovely and enjoy all the other things that I am as a woman.<\/p>\n<p>&nbsp;<\/p>\n<p><strong><em>TFR:<\/em><\/strong><\/p>\n<p>You mentioned Clarice Lispector, a writer whose works <em>Near to the Wild Heart<\/em> and <em>Apple in the Dark<\/em> I\u2019m fond of. My writing teacher Paul West introduced me to her work.<\/p>\n<p>&nbsp;<\/p>\n<p><strong>Castillo:<\/strong><\/p>\n<p><em>Hour of the Star<\/em> is my favorite. They made a wonderful movie of it, too, some years ago. It\u2019s really beautiful.<\/p>\n<p>&nbsp;<\/p>\n<p><strong><em>TFR:<\/em><\/strong><\/p>\n<p>Paul was a great teacher, and he was insistent that we needed to read beyond the borders of the traditional U.S. territory. He inspired us to read widely and internationally. You\u2019ve often spoken about a lack of Chicana role models in your education. I was wondering to what extent you see your work connected to the Latin American literary tradition\u2014the strong tradition of Gabriel Garc\u00eda M\u00e1rquez, Jorge Amado, Borges, Cort\u00e1zar, Vargas Llosa\u2014or has it been more about building a new tradition here in the U.S.?<\/p>\n<p>&nbsp;<\/p>\n<p><strong>Castillo:<\/strong><\/p>\n<p>I can only speak for myself\u2014I was a self-taught writer. I didn&#8217;t go through an English department program or Spanish department program or literature or MFA program. At the University of Chicago for graduate school, I got into their very new, at that time, Latin American Studies program, but it was seen as political science, so I saw myself doing something else other than writing, even though I was writing. Aside from the political interests that I had, I also did visual art, so I thought, if anything in the arts, I was going to be a painter. I started looking at poetry and literature sort of visually.<\/p>\n<p>&nbsp;<\/p>\n<p>The [Spanish-language] literature that was being translated and brought to this country at that time was from the Latin American boom. Before I really saw myself as ever becoming a fiction writer\u2014although on the side I liked to write little stories and wrote my poems\u2014I was reading Jorge Amado, I was reading Cort\u00e1zar. My first novel is dedicated to Julio Cort\u00e1zar, so people think that he was my big influence, when actually I was reading everybody, all these guys, and I had this idea to do something like Julio Cort\u00e1zar had already done [laughs]\u2014because they&#8217;re very innovative. They were doing all kinds of things, not just what was later called magical realism, but playing with structure and so on. So, yes, indeed, we, by all means, have that connection\u2014I think of Carlos Fuentes, too. I looked to them also because of the Catholicism, with the history of our families and legacies, there were a lot of connections along those lines.<\/p>\n<p>&nbsp;<\/p>\n<p>I do believe, also, that, in time, as U.S.-Latino\/a literature start to rise up\u2014and certainly by now it&#8217;s made its claim in the world\u2014there was also a reciprocation. By the mid-nineteen-eighties, Chicana feminists were having conversations with Mexican feminists, and so there was initially a very strong, deliberate contact and communication and encouragement going both ways, even though we wrote in English and even though we were considered privileged Yankees. [Laughs.] The irony was that most of us came from working-class backgrounds. We were dark-skinned, dark-haired girls, and these women writers [in M\u00e9xico] had European last names, privileged backgrounds and education, and were multi-lingual. They wrote in French and in English [as well as Spanish], and we were just writing our English that we knew from our Chicago Public School System. But there was that connection that we have a history of colonialism, through the history of the conquest of M\u00e9xico and South America, so, yes, I do see that. I&#8217;m very happy that to some degree at least, even though very few of my books are available in Latin America, that I am seen as having that connection with Latin America and the Caribbean, too.<\/p>\n<p>&nbsp;<\/p>\n<p><strong><em>TFR:<\/em><\/strong><\/p>\n<p>You\u2019ve also spoken in the past a bit about living life \u201con the hyphen,\u201d a term, I believe that was coined to describe Cuban-American experience, but that has been used in a variety of ways since then to describe positions that combine nationalities, but also being multi-lingual, bi-sexual, and so on. My sense is that in the literary world this has come, more and more, to be seen as a positive quality that also has influenced our literature with the mixing of boundaries of genre and form and so on, as in the inclusion of the letters you exchanged with your son in <em>Black Dove<\/em>. Have you experienced any change in attitude, an acknowledgement of the positive nature of hybrid spaces and forms?<\/p>\n<p>&nbsp;<\/p>\n<p><strong>Castillo:<\/strong><\/p>\n<p>It&#8217;s a reality. But it depends on who you&#8217;re talking to. I&#8217;m feeling today [November 20, 2016] a little less optimistic about those views. Particularly with the idea that if there is going to be a tone in this country about people who have quote-unquote immigrated here\u2014whether or not they actually have immigrated\u2014and we begin to do racial profiling, then, no, it will definitely not be seen as a positive. If we&#8217;re going to start questioning women&#8217;s rights, some of the progress that&#8217;s been made for women and our roles as women, and if we&#8217;re going to start questioning same-sex rights, then, no, it&#8217;s not going to be seen as a positive. Indeed, I think a lot of that negativity is as being brought forth, and if it&#8217;s viewed as validated and affirmed by our leaders, then, of course, those people who are in disagreement with our rights are going to feel happy\u2014they <em>are<\/em> feeling happy\u2014to come to the forefront.<\/p>\n<p>&nbsp;<\/p>\n<p>Prior to that feeling, to some degree, yes, I did feel that we have made enormous amount of strides, thankfully, and not just in this country, but in the world, especially when we&#8217;re talking about women&#8217;s rights and the rights of transgendered, queer-identified individuals, moving away from the binary view, after so long of a very skewed view of what it was to be American. I think that I look as American as anybody can look, since I look very indigenous, and yet, of course, I&#8217;m always asked, <em>Where you from? Where you from? Where?<\/em> I was just asked<\/p>\n<p>here by a writer in the authors\u2019 lounge who came up and introduced himself, and the first or second thing he said to me was, \u201cWhat country are you from?\u201d I told him, \u201cChicago.\u201d [Laughs.] He had a Bernie T-shirt on, so I was really surprised.<\/p>\n<p>&nbsp;<\/p>\n<p><strong><em>TFR:<\/em><\/strong><\/p>\n<p>You are a writer who&#8217;s had a long-term activist consciousness, so what can you tell me about our current moment and the role of writers in it? Not that I want to burden you with having all the answers, but I\u2019ve been asking everyone this\u2014what does this time imply for writers? Has the current climate affected your writing?<\/p>\n<p>&nbsp;<\/p>\n<p><strong>Castillo:<\/strong><\/p>\n<p>I\u2019ve been writing and publishing for four decades, and I remember the night that Reagan was elected\u2014I wanted to leave the country then, but I didn\u2019t. Someone brought this up recently and said, \u201cWell, you went through Reagan,\u201d and I said, \u201cYes but this has been a progression with the Republican party, and Reagan wasn&#8217;t an overt misogynist. We all know he adored Nancy, and his son was gay. He was an old-school gentleman, although he was a major imperialist. That speaks for itself, but this is moving in an unprecedented direction.<\/p>\n<p>&nbsp;<\/p>\n<p>I feel devastated emotionally, morally. I know that Trump did not win the popular vote. But, it&#8217;s all very unbelievable. Some of the Republicans are also in shock that that&#8217;s their new leader, so there\u2019s a dream that some people have that this term cannot last. Let\u2019s see how much damage he&#8217;ll do before that might happen. With all of that in mind, I&#8217;m trying my very best personally to, as Obama said, get over my moodiness, to stop feeling sorry for myself, to get up and do something.<\/p>\n<p>&nbsp;<\/p>\n<p>This moment is shocking. It&#8217;s shocking when you&#8217;re a woman walking around, catching a bus, or your children are in school being harassed. If you\u2019re being protected by the Secret Service or leading a very protected life, maybe you&#8217;re not realizing what happens to people in their everyday experience. So, I&#8217;m in these past ten days trying to move from that shock, that sucker-punch that the electoral vote gave us and telling myself that I have to remember who I&#8217;ve been, why I&#8217;ve been writing all these years, and that I cannot be afraid to speak out. If that&#8217;s all I do\u2014if I just speak out, if I respond to some of the invitations I get to write for people&#8217;s blogs or their zines\u2014I have a zine myself\u2014<em>La Tolteca: Promoting the Advancement of a World without Borders &amp; Censorship<\/em>\u2014I&#8217;ve been doing it for about six, seven years now. I feel like I have to do that. I can&#8217;t be afraid, and that&#8217;s all I can do. I can do other things\u2014you donate money to organizations you believe in, if you can go march you can go do that, anything at all, including lighting candles and incense and praying to whomever you pray to. Whatever it takes for you to lift yourself up to do it\u2014that\u2019s what I think each of us has to do. And be there for each other.<\/p>\n<p>&nbsp;<\/p>\n","protected":false},"excerpt":{"rendered":"<p>I had to have a vision of myself being a mother, but was not going to give up this vision of being a writer.<\/p>\n","protected":false},"featured_media":2512,"template":"","categories":[9,140],"tags":[453,435,6,436,454,455,366,456,457,437,458,459,460,461,462,208,463,441,464],"class_list":["post-2505","article","type-article","status-publish","has-post-thumbnail","hentry","category-aquifer","category-interview","tag-activism","tag-ana-castillo","tag-aquifer-the-florida-review-online","tag-black-dove-mama-mijo-and-me","tag-carlos-fuentes","tag-chicana-literature","tag-clarice-lispector","tag-gabriel-garcia-marquez","tag-give-it-to-me","tag-incarceration","tag-jorge-amado","tag-jorge-luis-borges","tag-latin-american-literature","tag-latino-literature","tag-mario-vargas-llosa","tag-motherhood","tag-paul-west","tag-prison","tag-xicanisma"],"acf":[],"yoast_head":"<!-- This site is optimized with the Yoast SEO plugin v27.4 - https:\/\/yoast.com\/product\/yoast-seo-wordpress\/ -->\n<title>Interview: Ana Castillo - The Florida Review<\/title>\n<meta name=\"robots\" content=\"index, follow, max-snippet:-1, max-image-preview:large, max-video-preview:-1\" \/>\n<link rel=\"canonical\" href=\"https:\/\/cah.ucf.edu\/floridareview\/article\/interview-ana-castillo\/\" \/>\n<meta property=\"og:locale\" content=\"en_US\" \/>\n<meta property=\"og:type\" content=\"article\" \/>\n<meta property=\"og:title\" content=\"Interview: Ana Castillo - The Florida Review\" \/>\n<meta property=\"og:description\" content=\"I had to have a vision of myself being a mother, but was not going to give up this vision of being a writer.\" \/>\n<meta property=\"og:url\" content=\"https:\/\/cah.ucf.edu\/floridareview\/article\/interview-ana-castillo\/\" \/>\n<meta property=\"og:site_name\" content=\"The Florida Review\" \/>\n<meta property=\"og:image\" content=\"https:\/\/cah.ucf.edu\/floridareview\/wp-content\/uploads\/sites\/43\/2017\/12\/Castillo-Ana-soft-blur.jpg\" \/>\n\t<meta property=\"og:image:width\" content=\"479\" \/>\n\t<meta property=\"og:image:height\" content=\"314\" \/>\n\t<meta property=\"og:image:type\" content=\"image\/jpeg\" \/>\n<meta name=\"twitter:card\" content=\"summary_large_image\" \/>\n<meta name=\"twitter:label1\" content=\"Est. reading time\" \/>\n\t<meta name=\"twitter:data1\" content=\"22 minutes\" \/>\n<script type=\"application\/ld+json\" class=\"yoast-schema-graph\">{\"@context\":\"https:\\\/\\\/schema.org\",\"@graph\":[{\"@type\":\"WebPage\",\"@id\":\"https:\\\/\\\/cah.ucf.edu\\\/floridareview\\\/article\\\/interview-ana-castillo\\\/\",\"url\":\"https:\\\/\\\/cah.ucf.edu\\\/floridareview\\\/article\\\/interview-ana-castillo\\\/\",\"name\":\"Interview: Ana Castillo - The Florida Review\",\"isPartOf\":{\"@id\":\"https:\\\/\\\/cah.ucf.edu\\\/floridareview\\\/#website\"},\"primaryImageOfPage\":{\"@id\":\"https:\\\/\\\/cah.ucf.edu\\\/floridareview\\\/article\\\/interview-ana-castillo\\\/#primaryimage\"},\"image\":{\"@id\":\"https:\\\/\\\/cah.ucf.edu\\\/floridareview\\\/article\\\/interview-ana-castillo\\\/#primaryimage\"},\"thumbnailUrl\":\"https:\\\/\\\/cah.ucf.edu\\\/floridareview\\\/wp-content\\\/uploads\\\/sites\\\/43\\\/2017\\\/12\\\/Castillo-Ana-soft-blur.jpg\",\"datePublished\":\"2017-12-17T19:56:23+00:00\",\"breadcrumb\":{\"@id\":\"https:\\\/\\\/cah.ucf.edu\\\/floridareview\\\/article\\\/interview-ana-castillo\\\/#breadcrumb\"},\"inLanguage\":\"en-US\",\"potentialAction\":[{\"@type\":\"ReadAction\",\"target\":[\"https:\\\/\\\/cah.ucf.edu\\\/floridareview\\\/article\\\/interview-ana-castillo\\\/\"]}]},{\"@type\":\"ImageObject\",\"inLanguage\":\"en-US\",\"@id\":\"https:\\\/\\\/cah.ucf.edu\\\/floridareview\\\/article\\\/interview-ana-castillo\\\/#primaryimage\",\"url\":\"https:\\\/\\\/cah.ucf.edu\\\/floridareview\\\/wp-content\\\/uploads\\\/sites\\\/43\\\/2017\\\/12\\\/Castillo-Ana-soft-blur.jpg\",\"contentUrl\":\"https:\\\/\\\/cah.ucf.edu\\\/floridareview\\\/wp-content\\\/uploads\\\/sites\\\/43\\\/2017\\\/12\\\/Castillo-Ana-soft-blur.jpg\",\"width\":479,\"height\":314},{\"@type\":\"BreadcrumbList\",\"@id\":\"https:\\\/\\\/cah.ucf.edu\\\/floridareview\\\/article\\\/interview-ana-castillo\\\/#breadcrumb\",\"itemListElement\":[{\"@type\":\"ListItem\",\"position\":1,\"name\":\"Home\",\"item\":\"https:\\\/\\\/cah.ucf.edu\\\/floridareview\\\/\"},{\"@type\":\"ListItem\",\"position\":2,\"name\":\"Interview: Ana Castillo\"}]},{\"@type\":\"WebSite\",\"@id\":\"https:\\\/\\\/cah.ucf.edu\\\/floridareview\\\/#website\",\"url\":\"https:\\\/\\\/cah.ucf.edu\\\/floridareview\\\/\",\"name\":\"The Florida Review\",\"description\":\"\",\"potentialAction\":[{\"@type\":\"SearchAction\",\"target\":{\"@type\":\"EntryPoint\",\"urlTemplate\":\"https:\\\/\\\/cah.ucf.edu\\\/floridareview\\\/?s={search_term_string}\"},\"query-input\":{\"@type\":\"PropertyValueSpecification\",\"valueRequired\":true,\"valueName\":\"search_term_string\"}}],\"inLanguage\":\"en-US\"}]}<\/script>\n<!-- \/ Yoast SEO plugin. -->","yoast_head_json":{"title":"Interview: Ana Castillo - The Florida Review","robots":{"index":"index","follow":"follow","max-snippet":"max-snippet:-1","max-image-preview":"max-image-preview:large","max-video-preview":"max-video-preview:-1"},"canonical":"https:\/\/cah.ucf.edu\/floridareview\/article\/interview-ana-castillo\/","og_locale":"en_US","og_type":"article","og_title":"Interview: Ana Castillo - The Florida Review","og_description":"I had to have a vision of myself being a mother, but was not going to give up this vision of being a writer.","og_url":"https:\/\/cah.ucf.edu\/floridareview\/article\/interview-ana-castillo\/","og_site_name":"The Florida Review","og_image":[{"width":479,"height":314,"url":"https:\/\/cah.ucf.edu\/floridareview\/wp-content\/uploads\/sites\/43\/2017\/12\/Castillo-Ana-soft-blur.jpg","type":"image\/jpeg"}],"twitter_card":"summary_large_image","twitter_misc":{"Est. reading time":"22 minutes"},"schema":{"@context":"https:\/\/schema.org","@graph":[{"@type":"WebPage","@id":"https:\/\/cah.ucf.edu\/floridareview\/article\/interview-ana-castillo\/","url":"https:\/\/cah.ucf.edu\/floridareview\/article\/interview-ana-castillo\/","name":"Interview: Ana Castillo - The Florida Review","isPartOf":{"@id":"https:\/\/cah.ucf.edu\/floridareview\/#website"},"primaryImageOfPage":{"@id":"https:\/\/cah.ucf.edu\/floridareview\/article\/interview-ana-castillo\/#primaryimage"},"image":{"@id":"https:\/\/cah.ucf.edu\/floridareview\/article\/interview-ana-castillo\/#primaryimage"},"thumbnailUrl":"https:\/\/cah.ucf.edu\/floridareview\/wp-content\/uploads\/sites\/43\/2017\/12\/Castillo-Ana-soft-blur.jpg","datePublished":"2017-12-17T19:56:23+00:00","breadcrumb":{"@id":"https:\/\/cah.ucf.edu\/floridareview\/article\/interview-ana-castillo\/#breadcrumb"},"inLanguage":"en-US","potentialAction":[{"@type":"ReadAction","target":["https:\/\/cah.ucf.edu\/floridareview\/article\/interview-ana-castillo\/"]}]},{"@type":"ImageObject","inLanguage":"en-US","@id":"https:\/\/cah.ucf.edu\/floridareview\/article\/interview-ana-castillo\/#primaryimage","url":"https:\/\/cah.ucf.edu\/floridareview\/wp-content\/uploads\/sites\/43\/2017\/12\/Castillo-Ana-soft-blur.jpg","contentUrl":"https:\/\/cah.ucf.edu\/floridareview\/wp-content\/uploads\/sites\/43\/2017\/12\/Castillo-Ana-soft-blur.jpg","width":479,"height":314},{"@type":"BreadcrumbList","@id":"https:\/\/cah.ucf.edu\/floridareview\/article\/interview-ana-castillo\/#breadcrumb","itemListElement":[{"@type":"ListItem","position":1,"name":"Home","item":"https:\/\/cah.ucf.edu\/floridareview\/"},{"@type":"ListItem","position":2,"name":"Interview: Ana Castillo"}]},{"@type":"WebSite","@id":"https:\/\/cah.ucf.edu\/floridareview\/#website","url":"https:\/\/cah.ucf.edu\/floridareview\/","name":"The Florida Review","description":"","potentialAction":[{"@type":"SearchAction","target":{"@type":"EntryPoint","urlTemplate":"https:\/\/cah.ucf.edu\/floridareview\/?s={search_term_string}"},"query-input":{"@type":"PropertyValueSpecification","valueRequired":true,"valueName":"search_term_string"}}],"inLanguage":"en-US"}]}},"_links":{"self":[{"href":"https:\/\/cah.ucf.edu\/floridareview\/wp-json\/wp\/v2\/article\/2505","targetHints":{"allow":["GET"]}}],"collection":[{"href":"https:\/\/cah.ucf.edu\/floridareview\/wp-json\/wp\/v2\/article"}],"about":[{"href":"https:\/\/cah.ucf.edu\/floridareview\/wp-json\/wp\/v2\/types\/article"}],"version-history":[{"count":0,"href":"https:\/\/cah.ucf.edu\/floridareview\/wp-json\/wp\/v2\/article\/2505\/revisions"}],"wp:featuredmedia":[{"embeddable":true,"href":"https:\/\/cah.ucf.edu\/floridareview\/wp-json\/wp\/v2\/media\/2512"}],"wp:attachment":[{"href":"https:\/\/cah.ucf.edu\/floridareview\/wp-json\/wp\/v2\/media?parent=2505"}],"wp:term":[{"taxonomy":"category","embeddable":true,"href":"https:\/\/cah.ucf.edu\/floridareview\/wp-json\/wp\/v2\/categories?post=2505"},{"taxonomy":"post_tag","embeddable":true,"href":"https:\/\/cah.ucf.edu\/floridareview\/wp-json\/wp\/v2\/tags?post=2505"}],"curies":[{"name":"wp","href":"https:\/\/api.w.org\/{rel}","templated":true}]}}